{"id":910,"date":"2023-01-26T17:43:04","date_gmt":"2023-01-26T17:43:04","guid":{"rendered":"https:\/\/columnayesperanzalucena.es\/?p=910"},"modified":"2023-02-27T17:44:16","modified_gmt":"2023-02-27T17:44:16","slug":"medalla-de-oro-de-la-agrupacion-de-cofradias","status":"publish","type":"post","link":"https:\/\/columnayesperanzalucena.es\/?p=910","title":{"rendered":"MEDALLA DE ORO DE LA AGRUPACI\u00d3N DE COFRAD\u00cdAS |"},"content":{"rendered":"\n<p>Desde la Cofrad\u00eda y Hermandad de Ntro. Padre Jes\u00fas de la Columna y Mar\u00eda Stma. de la Paz y Esperanza, agradecemos p\u00fablicamente a la Agrupaci\u00f3n de Cofrad\u00edas de Lucena la concesi\u00f3n de la Medalla de Oro en el a\u00f1o del centenario fundacional de nuestra corporaci\u00f3n.<\/p>\n\n\n\n<p>Trabajar en favor de nuestros Titulares, guiados por la fe y la devoci\u00f3n, ubicando al hermano como eje de nuestra cofrad\u00eda y llevando la tradici\u00f3n santera como elemento <a><\/a>arraigado y caracter\u00edstico de nuestra historia, se han convertido en los pilares fundamentales de este siglo de trabajo cofradiero.<\/p>\n\n\n\n<p>Desde estas l\u00edneas, invitamos a todos los devotos y hermanos de la hermandad a vivir un a\u00f1o intenso, comprometido emocionante y especial que pasar\u00e1, por la efem\u00e9ride que conmemoramos, a los anales de la historia de nuestra cofrad\u00eda.<\/p>\n\n\n\n<p><a href=\"https:\/\/www.facebook.com\/hashtag\/columnadeesperanza?__eep__=6&amp;__cft__[0]=AZVTCFTWWYT5S97Vqbl8ALbm9f-qjNmX764yTtZ5BD6SiZvVz1ZfAqBgzGg-qYRS1p26DesrmbmeW9j5WqQFD-a1I2JX5So52co1MlAFXh6FVS9s04MCWCPsyVW0ioDWT4dKcREy5jZzG_klJzStLAW5hCiawTC-pKfUYa_owhXfNMD6qnQ77-KhmC49s4Hwsbw&amp;__tn__=*NK-R\">#ColumnadeEsperanza<\/a><\/p>\n\n\n\n<figure class=\"wp-block-image aligncenter size-full\"><img loading=\"lazy\" decoding=\"async\" width=\"679\" height=\"960\" src=\"https:\/\/columnayesperanzalucena.es\/wp-content\/uploads\/2023\/02\/14.jpg\" alt=\"\" class=\"wp-image-911\" srcset=\"https:\/\/columnayesperanzalucena.es\/wp-content\/uploads\/2023\/02\/14.jpg 679w, https:\/\/columnayesperanzalucena.es\/wp-content\/uploads\/2023\/02\/14-480x679.jpg 480w\" sizes=\"(min-width: 0px) and (max-width: 480px) 480px, (min-width: 481px) 679px, 100vw\" \/><\/figure>\n","protected":false},"excerpt":{"rendered":"<p>Desde la Cofrad\u00eda y Hermandad de Ntro. Padre Jes\u00fas de la Columna y Mar\u00eda Stma. de la Paz y Esperanza, agradecemos p\u00fablicamente a la Agrupaci\u00f3n de Cofrad\u00edas de Lucena la concesi\u00f3n de la Medalla de Oro en el a\u00f1o del centenario fundacional de nuestra corporaci\u00f3n. Trabajar en favor de nuestros Titulares, guiados por la fe [&hellip;]<\/p>\n","protected":false},"author":1,"featured_media":911,"comment_status":"open","ping_status":"open","sticky":false,"template":"","format":"standard","meta":{"_et_pb_use_builder":"off","_et_pb_old_content":"","_et_gb_content_width":"1080","_jetpack_memberships_contains_paid_content":false,"footnotes":""},"categories":[1],"tags":[],"class_list":["post-910","post","type-post","status-publish","format-standard","has-post-thumbnail","hentry","category-uncategorized"],"jetpack_sharing_enabled":true,"jetpack_featured_media_url":"https:\/\/columnayesperanzalucena.es\/wp-content\/uploads\/2023\/02\/14.jpg","_links":{"self":[{"href":"https:\/\/columnayesperanzalucena.es\/index.php?rest_route=\/wp\/v2\/posts\/910","targetHints":{"allow":["GET"]}}],"collection":[{"href":"https:\/\/columnayesperanzalucena.es\/index.php?rest_route=\/wp\/v2\/posts"}],"about":[{"href":"https:\/\/columnayesperanzalucena.es\/index.php?rest_route=\/wp\/v2\/types\/post"}],"author":[{"embeddable":true,"href":"https:\/\/columnayesperanzalucena.es\/index.php?rest_route=\/wp\/v2\/users\/1"}],"replies":[{"embeddable":true,"href":"https:\/\/columnayesperanzalucena.es\/index.php?rest_route=%2Fwp%2Fv2%2Fcomments&post=910"}],"version-history":[{"count":1,"href":"https:\/\/columnayesperanzalucena.es\/index.php?rest_route=\/wp\/v2\/posts\/910\/revisions"}],"predecessor-version":[{"id":912,"href":"https:\/\/columnayesperanzalucena.es\/index.php?rest_route=\/wp\/v2\/posts\/910\/revisions\/912"}],"wp:featuredmedia":[{"embeddable":true,"href":"https:\/\/columnayesperanzalucena.es\/index.php?rest_route=\/wp\/v2\/media\/911"}],"wp:attachment":[{"href":"https:\/\/columnayesperanzalucena.es\/index.php?rest_route=%2Fwp%2Fv2%2Fmedia&parent=910"}],"wp:term":[{"taxonomy":"category","embeddable":true,"href":"https:\/\/columnayesperanzalucena.es\/index.php?rest_route=%2Fwp%2Fv2%2Fcategories&post=910"},{"taxonomy":"post_tag","embeddable":true,"href":"https:\/\/columnayesperanzalucena.es\/index.php?rest_route=%2Fwp%2Fv2%2Ftags&post=910"}],"curies":[{"name":"wp","href":"https:\/\/api.w.org\/{rel}","templated":true}]}}