{"id":902,"date":"2023-02-13T17:39:54","date_gmt":"2023-02-13T17:39:54","guid":{"rendered":"https:\/\/columnayesperanzalucena.es\/?p=902"},"modified":"2023-02-27T17:40:43","modified_gmt":"2023-02-27T17:40:43","slug":"centenario-fundacional-4","status":"publish","type":"post","link":"https:\/\/columnayesperanzalucena.es\/?p=902","title":{"rendered":"CENTENARIO FUNDACIONAL |"},"content":{"rendered":"\n<p>Presentaci\u00f3n del logotipo y la programaci\u00f3n de actos para conmemorar el Centenario Fundacional de nuestra cofrad\u00eda.<\/p>\n\n\n\n<p><a href=\"https:\/\/www.facebook.com\/hashtag\/columnadeesperanza?__eep__=6&amp;__cft__[0]=AZXojV2D0fCTNU_ntM-W556KlkSKaxmWQb-26XZ9j8DJZdyGS0pZwzKvLS7sVangsKR9b--5NMX_690kGV32OZRWQ8prFpbzwInA8xE4mX4YwqAfGTRsKbcjGklUS44082VV7XcPDF2E7HpWFPzdfQ_5leqt9VlmXbqcZVhHkSTPBSvTmecfF9JsFKHirt-SbQ0&amp;__tn__=*NK-R\">#ColumnadeEsperanza<\/a><\/p>\n\n\n\n<p><a href=\"https:\/\/www.facebook.com\/hashtag\/100a%C3%B1osdecolumnapazyesperanza?__eep__=6&amp;__cft__[0]=AZXojV2D0fCTNU_ntM-W556KlkSKaxmWQb-26XZ9j8DJZdyGS0pZwzKvLS7sVangsKR9b--5NMX_690kGV32OZRWQ8prFpbzwInA8xE4mX4YwqAfGTRsKbcjGklUS44082VV7XcPDF2E7HpWFPzdfQ_5leqt9VlmXbqcZVhHkSTPBSvTmecfF9JsFKHirt-SbQ0&amp;__tn__=*NK-R\">#100A\u00f1osdeColumnaPazyEsperanza<\/a><\/p>\n\n\n\n<figure class=\"wp-block-image size-full\"><img loading=\"lazy\" decoding=\"async\" width=\"679\" height=\"960\" src=\"https:\/\/columnayesperanzalucena.es\/wp-content\/uploads\/2023\/02\/12.jpg\" alt=\"\" class=\"wp-image-903\" srcset=\"https:\/\/columnayesperanzalucena.es\/wp-content\/uploads\/2023\/02\/12.jpg 679w, https:\/\/columnayesperanzalucena.es\/wp-content\/uploads\/2023\/02\/12-480x679.jpg 480w\" sizes=\"(min-width: 0px) and (max-width: 480px) 480px, (min-width: 481px) 679px, 100vw\" \/><\/figure>\n","protected":false},"excerpt":{"rendered":"<p>Presentaci\u00f3n del logotipo y la programaci\u00f3n de actos para conmemorar el Centenario Fundacional de nuestra cofrad\u00eda. #ColumnadeEsperanza #100A\u00f1osdeColumnaPazyEsperanza<\/p>\n","protected":false},"author":1,"featured_media":903,"comment_status":"open","ping_status":"open","sticky":false,"template":"","format":"standard","meta":{"_et_pb_use_builder":"off","_et_pb_old_content":"","_et_gb_content_width":"1080","_jetpack_memberships_contains_paid_content":false,"footnotes":""},"categories":[1],"tags":[],"class_list":["post-902","post","type-post","status-publish","format-standard","has-post-thumbnail","hentry","category-uncategorized"],"jetpack_sharing_enabled":true,"jetpack_featured_media_url":"https:\/\/columnayesperanzalucena.es\/wp-content\/uploads\/2023\/02\/12.jpg","_links":{"self":[{"href":"https:\/\/columnayesperanzalucena.es\/index.php?rest_route=\/wp\/v2\/posts\/902","targetHints":{"allow":["GET"]}}],"collection":[{"href":"https:\/\/columnayesperanzalucena.es\/index.php?rest_route=\/wp\/v2\/posts"}],"about":[{"href":"https:\/\/columnayesperanzalucena.es\/index.php?rest_route=\/wp\/v2\/types\/post"}],"author":[{"embeddable":true,"href":"https:\/\/columnayesperanzalucena.es\/index.php?rest_route=\/wp\/v2\/users\/1"}],"replies":[{"embeddable":true,"href":"https:\/\/columnayesperanzalucena.es\/index.php?rest_route=%2Fwp%2Fv2%2Fcomments&post=902"}],"version-history":[{"count":2,"href":"https:\/\/columnayesperanzalucena.es\/index.php?rest_route=\/wp\/v2\/posts\/902\/revisions"}],"predecessor-version":[{"id":905,"href":"https:\/\/columnayesperanzalucena.es\/index.php?rest_route=\/wp\/v2\/posts\/902\/revisions\/905"}],"wp:featuredmedia":[{"embeddable":true,"href":"https:\/\/columnayesperanzalucena.es\/index.php?rest_route=\/wp\/v2\/media\/903"}],"wp:attachment":[{"href":"https:\/\/columnayesperanzalucena.es\/index.php?rest_route=%2Fwp%2Fv2%2Fmedia&parent=902"}],"wp:term":[{"taxonomy":"category","embeddable":true,"href":"https:\/\/columnayesperanzalucena.es\/index.php?rest_route=%2Fwp%2Fv2%2Fcategories&post=902"},{"taxonomy":"post_tag","embeddable":true,"href":"https:\/\/columnayesperanzalucena.es\/index.php?rest_route=%2Fwp%2Fv2%2Ftags&post=902"}],"curies":[{"name":"wp","href":"https:\/\/api.w.org\/{rel}","templated":true}]}}