{"id":896,"date":"2023-02-14T17:37:57","date_gmt":"2023-02-14T17:37:57","guid":{"rendered":"https:\/\/columnayesperanzalucena.es\/?p=896"},"modified":"2023-02-27T17:39:18","modified_gmt":"2023-02-27T17:39:18","slug":"tiempo-de-cuaresma","status":"publish","type":"post","link":"https:\/\/columnayesperanzalucena.es\/?p=896","title":{"rendered":"TIEMPO DE CUARESMA|"},"content":{"rendered":"\n<p>Mar\u00eda Stma. de la Paz y Esperanza, en este tiempo de Cuaresma que comenzar\u00e1 el pr\u00f3ximo Mi\u00e9rcoles de Ceniza, 22 de febrero, recibe a sus devotos ataviada de hebrea.<\/p>\n\n\n\n<p>Esta vestimenta empez\u00f3 a utilizarse en los siglos XVIII y XIX, generaliz\u00e1ndose, este registro estil\u00edstico del tiempo previo a la Semana Santa, a partir de la d\u00e9cada de los 50. La simbolog\u00eda de la sencillez y la humildad se hace patente al presentar a nuestras dolorosas de esta forma, siendo <a><\/a>predominantes los colores inmaculistas, azul y rojo, en este ropaje.<\/p>\n\n\n\n<p>En este nuevo tiempo, Mar\u00eda Stma. de la Paz y Esperanza luce saya de terciopelo burdeos, con manto de saco azul, faj\u00edn a rayas de hebrea y diadema plateada. Estrena tocado beige a tablas y pa\u00f1uelo en su mano derecha; y sobre la izquierda reposa un rosario de n\u00e1car.<\/p>\n\n\n\n<p>Acerqu\u00e9monos a nuestra Madre, en su advocaci\u00f3n de Paz y Esperanza, para reflexionar y reconfortarnos ente el nuevo tiempo lit\u00fargico que nos aguarda.<\/p>\n\n\n\n<p><a href=\"https:\/\/www.facebook.com\/hashtag\/columnadeesperanza?__eep__=6&amp;__cft__[0]=AZWIQ7NNudxmlSdGZxuJX90wP7yITj3wXtydf986VbxxEqM8xfy6Na58vE5rTQFl9RN2Ow0tZ3YBJ25-fWTP2O21NANlOB5R5XgLl5sFCmlSTX36zg9m5mNz_kxt8QFCL8txrP5W8ogmuVfx3hinN1eCowgkkmNAcQHgTOxcpDV7Ne8UBq0dPAnKK66mO0WiJ4I&amp;__tn__=*NK-R\">#ColumnadeEsperanza<\/a><\/p>\n\n\n\n<p><a href=\"https:\/\/www.facebook.com\/hashtag\/100a%C3%B1osdecolumnapazyesperanza?__eep__=6&amp;__cft__[0]=AZWIQ7NNudxmlSdGZxuJX90wP7yITj3wXtydf986VbxxEqM8xfy6Na58vE5rTQFl9RN2Ow0tZ3YBJ25-fWTP2O21NANlOB5R5XgLl5sFCmlSTX36zg9m5mNz_kxt8QFCL8txrP5W8ogmuVfx3hinN1eCowgkkmNAcQHgTOxcpDV7Ne8UBq0dPAnKK66mO0WiJ4I&amp;__tn__=*NK-R\">#100a\u00f1osdeColumnaPazyEsperanza<\/a><\/p>\n\n\n\n<div class=\"wp-block-jetpack-tiled-gallery aligncenter is-style-columns\"><div class=\"tiled-gallery__gallery\"><div class=\"tiled-gallery__row\"><div class=\"tiled-gallery__col\" style=\"flex-basis:32.99940%\"><figure class=\"tiled-gallery__item\"><img decoding=\"async\" srcset=\"https:\/\/i1.wp.com\/columnayesperanzalucena.es\/wp-content\/uploads\/2023\/02\/331076544_1582866692180337_5017613425455372243_n.jpg?strip=info&#038;w=450&#038;ssl=1 450w\" alt=\"\" data-height=\"600\" data-id=\"897\" data-link=\"https:\/\/columnayesperanzalucena.es\/?attachment_id=897\" data-url=\"https:\/\/columnayesperanzalucena.es\/wp-content\/uploads\/2023\/02\/331076544_1582866692180337_5017613425455372243_n.jpg\" data-width=\"450\" src=\"https:\/\/i1.wp.com\/columnayesperanzalucena.es\/wp-content\/uploads\/2023\/02\/331076544_1582866692180337_5017613425455372243_n.jpg?ssl=1\" data-amp-layout=\"responsive\"\/><\/figure><\/div><div class=\"tiled-gallery__col\" style=\"flex-basis:32.99940%\"><figure class=\"tiled-gallery__item\"><img decoding=\"async\" srcset=\"https:\/\/i1.wp.com\/columnayesperanzalucena.es\/wp-content\/uploads\/2023\/02\/331092616_620421143428531_5633202913816499248_n.jpg?strip=info&#038;w=600&#038;ssl=1 600w,https:\/\/i1.wp.com\/columnayesperanzalucena.es\/wp-content\/uploads\/2023\/02\/331092616_620421143428531_5633202913816499248_n.jpg?strip=info&#038;w=768&#038;ssl=1 768w\" alt=\"\" data-height=\"1024\" data-id=\"898\" data-link=\"https:\/\/columnayesperanzalucena.es\/?attachment_id=898\" data-url=\"https:\/\/columnayesperanzalucena.es\/wp-content\/uploads\/2023\/02\/331092616_620421143428531_5633202913816499248_n.jpg\" data-width=\"768\" src=\"https:\/\/i1.wp.com\/columnayesperanzalucena.es\/wp-content\/uploads\/2023\/02\/331092616_620421143428531_5633202913816499248_n.jpg?ssl=1\" data-amp-layout=\"responsive\"\/><\/figure><\/div><div class=\"tiled-gallery__col\" style=\"flex-basis:34.00121%\"><figure class=\"tiled-gallery__item\"><img decoding=\"async\" srcset=\"https:\/\/i2.wp.com\/columnayesperanzalucena.es\/wp-content\/uploads\/2023\/02\/331223483_1215655186039920_6093965112188087505_n-791x1024.jpg?strip=info&#038;w=600&#038;ssl=1 600w,https:\/\/i2.wp.com\/columnayesperanzalucena.es\/wp-content\/uploads\/2023\/02\/331223483_1215655186039920_6093965112188087505_n-791x1024.jpg?strip=info&#038;w=900&#038;ssl=1 900w,https:\/\/i2.wp.com\/columnayesperanzalucena.es\/wp-content\/uploads\/2023\/02\/331223483_1215655186039920_6093965112188087505_n-791x1024.jpg?strip=info&#038;w=1177&#038;ssl=1 1177w\" alt=\"\" data-height=\"1523\" data-id=\"899\" data-link=\"https:\/\/columnayesperanzalucena.es\/?attachment_id=899\" data-url=\"https:\/\/columnayesperanzalucena.es\/wp-content\/uploads\/2023\/02\/331223483_1215655186039920_6093965112188087505_n-791x1024.jpg\" data-width=\"1177\" src=\"https:\/\/i2.wp.com\/columnayesperanzalucena.es\/wp-content\/uploads\/2023\/02\/331223483_1215655186039920_6093965112188087505_n-791x1024.jpg?ssl=1\" data-amp-layout=\"responsive\"\/><\/figure><\/div><\/div><\/div><\/div>\n","protected":false},"excerpt":{"rendered":"<p>Mar\u00eda Stma. de la Paz y Esperanza, en este tiempo de Cuaresma que comenzar\u00e1 el pr\u00f3ximo Mi\u00e9rcoles de Ceniza, 22 de febrero, recibe a sus devotos ataviada de hebrea. Esta vestimenta empez\u00f3 a utilizarse en los siglos XVIII y XIX, generaliz\u00e1ndose, este registro estil\u00edstico del tiempo previo a la Semana Santa, a partir de la [&hellip;]<\/p>\n","protected":false},"author":1,"featured_media":899,"comment_status":"open","ping_status":"open","sticky":false,"template":"","format":"standard","meta":{"_et_pb_use_builder":"off","_et_pb_old_content":"","_et_gb_content_width":"1080","_jetpack_memberships_contains_paid_content":false,"footnotes":""},"categories":[1],"tags":[],"class_list":["post-896","post","type-post","status-publish","format-standard","has-post-thumbnail","hentry","category-uncategorized"],"jetpack_sharing_enabled":true,"jetpack_featured_media_url":"https:\/\/columnayesperanzalucena.es\/wp-content\/uploads\/2023\/02\/331223483_1215655186039920_6093965112188087505_n.jpg","_links":{"self":[{"href":"https:\/\/columnayesperanzalucena.es\/index.php?rest_route=\/wp\/v2\/posts\/896","targetHints":{"allow":["GET"]}}],"collection":[{"href":"https:\/\/columnayesperanzalucena.es\/index.php?rest_route=\/wp\/v2\/posts"}],"about":[{"href":"https:\/\/columnayesperanzalucena.es\/index.php?rest_route=\/wp\/v2\/types\/post"}],"author":[{"embeddable":true,"href":"https:\/\/columnayesperanzalucena.es\/index.php?rest_route=\/wp\/v2\/users\/1"}],"replies":[{"embeddable":true,"href":"https:\/\/columnayesperanzalucena.es\/index.php?rest_route=%2Fwp%2Fv2%2Fcomments&post=896"}],"version-history":[{"count":2,"href":"https:\/\/columnayesperanzalucena.es\/index.php?rest_route=\/wp\/v2\/posts\/896\/revisions"}],"predecessor-version":[{"id":901,"href":"https:\/\/columnayesperanzalucena.es\/index.php?rest_route=\/wp\/v2\/posts\/896\/revisions\/901"}],"wp:featuredmedia":[{"embeddable":true,"href":"https:\/\/columnayesperanzalucena.es\/index.php?rest_route=\/wp\/v2\/media\/899"}],"wp:attachment":[{"href":"https:\/\/columnayesperanzalucena.es\/index.php?rest_route=%2Fwp%2Fv2%2Fmedia&parent=896"}],"wp:term":[{"taxonomy":"category","embeddable":true,"href":"https:\/\/columnayesperanzalucena.es\/index.php?rest_route=%2Fwp%2Fv2%2Fcategories&post=896"},{"taxonomy":"post_tag","embeddable":true,"href":"https:\/\/columnayesperanzalucena.es\/index.php?rest_route=%2Fwp%2Fv2%2Ftags&post=896"}],"curies":[{"name":"wp","href":"https:\/\/api.w.org\/{rel}","templated":true}]}}