{"id":892,"date":"2023-02-16T17:36:33","date_gmt":"2023-02-16T17:36:33","guid":{"rendered":"https:\/\/columnayesperanzalucena.es\/?p=892"},"modified":"2023-02-27T17:37:47","modified_gmt":"2023-02-27T17:37:47","slug":"centenario-fundacional-3","status":"publish","type":"post","link":"https:\/\/columnayesperanzalucena.es\/?p=892","title":{"rendered":"CENTENARIO FUNDACIONAL |"},"content":{"rendered":"\n<p>Hoy, 16 de febrero a las 20:30 horas en la Parroquia de Santiago, se realizar\u00e1 la presentaci\u00f3n del logotipo y la programaci\u00f3n de actos para conmemorar el Centenario Fundacional de la Cofrad\u00eda y Hermandad de Ntro. Padre Jes\u00fas de la Columna y Mar\u00eda Stma. de la Paz y Esperanza. Invitamos a los hermanos de la cofrad\u00eda, devotos de nuestros Titulares, cofrades, santeros, feligreses de Santiago, medios de comunicaci\u00f3n y a todo el pueblo de Lucena a que nos <a><\/a>acompa\u00f1\u00e9is en este acto de apertura.<\/p>\n\n\n\n<p><a href=\"https:\/\/www.facebook.com\/hashtag\/columnadeesperanza?__eep__=6&amp;__cft__[0]=AZVFhBiVvVjMxPd0pnw-zwcY8vXOXNVrMnCZL5Sq3OBG4GPanCmt1rysKXd8HVP7vlKnroRKYBSQp1IkqU8PCg3bfV9zyQZz9m_P80LajsJwRwZMG-hg0QWadjq_26rweWEvAlPZr891YfLHs3KrG0AvhR1AbdjHhL2jOBaEaaYjZszg90INNxDl7B3Y8DSNLcQ&amp;__tn__=*NK-R\">#ColumnadeEsperanza<\/a><\/p>\n\n\n\n<p><a href=\"https:\/\/www.facebook.com\/hashtag\/100a%C3%B1osdecolumnapazyesperanza?__eep__=6&amp;__cft__[0]=AZVFhBiVvVjMxPd0pnw-zwcY8vXOXNVrMnCZL5Sq3OBG4GPanCmt1rysKXd8HVP7vlKnroRKYBSQp1IkqU8PCg3bfV9zyQZz9m_P80LajsJwRwZMG-hg0QWadjq_26rweWEvAlPZr891YfLHs3KrG0AvhR1AbdjHhL2jOBaEaaYjZszg90INNxDl7B3Y8DSNLcQ&amp;__tn__=*NK-R\">#100A\u00f1osdeColumnaPazyEsperanza<\/a><\/p>\n\n\n\n<div class=\"wp-block-jetpack-tiled-gallery aligncenter is-style-rectangular\"><div class=\"tiled-gallery__gallery\"><div class=\"tiled-gallery__row\"><div class=\"tiled-gallery__col\" style=\"flex-basis:41.44105%\"><figure class=\"tiled-gallery__item\"><img decoding=\"async\" srcset=\"https:\/\/i0.wp.com\/columnayesperanzalucena.es\/wp-content\/uploads\/2023\/02\/1.jpg?strip=info&#038;w=600&#038;ssl=1 600w,https:\/\/i0.wp.com\/columnayesperanzalucena.es\/wp-content\/uploads\/2023\/02\/1.jpg?strip=info&#038;w=679&#038;ssl=1 679w\" alt=\"\" data-height=\"960\" data-id=\"893\" data-link=\"https:\/\/columnayesperanzalucena.es\/?attachment_id=893\" data-url=\"https:\/\/columnayesperanzalucena.es\/wp-content\/uploads\/2023\/02\/1.jpg\" data-width=\"679\" src=\"https:\/\/i0.wp.com\/columnayesperanzalucena.es\/wp-content\/uploads\/2023\/02\/1.jpg?ssl=1\" data-amp-layout=\"responsive\"\/><\/figure><\/div><div class=\"tiled-gallery__col\" style=\"flex-basis:58.55895%\"><figure class=\"tiled-gallery__item\"><img decoding=\"async\" srcset=\"https:\/\/i0.wp.com\/columnayesperanzalucena.es\/wp-content\/uploads\/2023\/02\/2.jpg?strip=info&#038;w=600&#038;ssl=1 600w,https:\/\/i0.wp.com\/columnayesperanzalucena.es\/wp-content\/uploads\/2023\/02\/2.jpg?strip=info&#038;w=900&#038;ssl=1 900w,https:\/\/i0.wp.com\/columnayesperanzalucena.es\/wp-content\/uploads\/2023\/02\/2.jpg?strip=info&#038;w=960&#038;ssl=1 960w\" alt=\"\" data-height=\"960\" data-id=\"894\" data-link=\"https:\/\/columnayesperanzalucena.es\/?attachment_id=894\" data-url=\"https:\/\/columnayesperanzalucena.es\/wp-content\/uploads\/2023\/02\/2.jpg\" data-width=\"960\" src=\"https:\/\/i0.wp.com\/columnayesperanzalucena.es\/wp-content\/uploads\/2023\/02\/2.jpg?ssl=1\" data-amp-layout=\"responsive\"\/><\/figure><\/div><\/div><\/div><\/div>\n","protected":false},"excerpt":{"rendered":"<p>Hoy, 16 de febrero a las 20:30 horas en la Parroquia de Santiago, se realizar\u00e1 la presentaci\u00f3n del logotipo y la programaci\u00f3n de actos para conmemorar el Centenario Fundacional de la Cofrad\u00eda y Hermandad de Ntro. Padre Jes\u00fas de la Columna y Mar\u00eda Stma. de la Paz y Esperanza. Invitamos a los hermanos de la [&hellip;]<\/p>\n","protected":false},"author":1,"featured_media":893,"comment_status":"open","ping_status":"open","sticky":false,"template":"","format":"standard","meta":{"_et_pb_use_builder":"off","_et_pb_old_content":"","_et_gb_content_width":"1080","_jetpack_memberships_contains_paid_content":false,"footnotes":""},"categories":[1],"tags":[],"class_list":["post-892","post","type-post","status-publish","format-standard","has-post-thumbnail","hentry","category-uncategorized"],"jetpack_sharing_enabled":true,"jetpack_featured_media_url":"https:\/\/columnayesperanzalucena.es\/wp-content\/uploads\/2023\/02\/1.jpg","_links":{"self":[{"href":"https:\/\/columnayesperanzalucena.es\/index.php?rest_route=\/wp\/v2\/posts\/892","targetHints":{"allow":["GET"]}}],"collection":[{"href":"https:\/\/columnayesperanzalucena.es\/index.php?rest_route=\/wp\/v2\/posts"}],"about":[{"href":"https:\/\/columnayesperanzalucena.es\/index.php?rest_route=\/wp\/v2\/types\/post"}],"author":[{"embeddable":true,"href":"https:\/\/columnayesperanzalucena.es\/index.php?rest_route=\/wp\/v2\/users\/1"}],"replies":[{"embeddable":true,"href":"https:\/\/columnayesperanzalucena.es\/index.php?rest_route=%2Fwp%2Fv2%2Fcomments&post=892"}],"version-history":[{"count":1,"href":"https:\/\/columnayesperanzalucena.es\/index.php?rest_route=\/wp\/v2\/posts\/892\/revisions"}],"predecessor-version":[{"id":895,"href":"https:\/\/columnayesperanzalucena.es\/index.php?rest_route=\/wp\/v2\/posts\/892\/revisions\/895"}],"wp:featuredmedia":[{"embeddable":true,"href":"https:\/\/columnayesperanzalucena.es\/index.php?rest_route=\/wp\/v2\/media\/893"}],"wp:attachment":[{"href":"https:\/\/columnayesperanzalucena.es\/index.php?rest_route=%2Fwp%2Fv2%2Fmedia&parent=892"}],"wp:term":[{"taxonomy":"category","embeddable":true,"href":"https:\/\/columnayesperanzalucena.es\/index.php?rest_route=%2Fwp%2Fv2%2Fcategories&post=892"},{"taxonomy":"post_tag","embeddable":true,"href":"https:\/\/columnayesperanzalucena.es\/index.php?rest_route=%2Fwp%2Fv2%2Ftags&post=892"}],"curies":[{"name":"wp","href":"https:\/\/api.w.org\/{rel}","templated":true}]}}