{"id":877,"date":"2023-02-17T17:29:58","date_gmt":"2023-02-17T17:29:58","guid":{"rendered":"https:\/\/columnayesperanzalucena.es\/?p=877"},"modified":"2023-02-27T17:33:52","modified_gmt":"2023-02-27T17:33:52","slug":"centenario-fundacional-2","status":"publish","type":"post","link":"https:\/\/columnayesperanzalucena.es\/?p=877","title":{"rendered":"CENTENARIO FUNDACIONAL |"},"content":{"rendered":"\n<p>En la noche del 16 de febrero, a las 20.30h en la Parroquia de Santiago, tuvo lugar la presentaci\u00f3n del logotipo y actos del centenario fundacional de la Cofrad\u00eda de Ntro. Padre Jes\u00fas de la Columna y Mar\u00eda Stma. de la Paz y Esperanza.<\/p>\n\n\n\n<p>En la primera parte de la presentaci\u00f3n, el hermano de la cofrad\u00eda y dise\u00f1ador del logotipo, Francisco Javier Gradit Franco, descubri\u00f3, junto con el hermano mayor, Javier S\u00e1nchez Cruz, el logotipo del Centenario <a><\/a>Fundacional. El mismo est\u00e1 compuesto, en la parte superior, por el contorno de nuestro Titular crist\u00edfero y, en la parte inferior, por el n\u00famero cien, identificando, en primer lugar, el n\u00famero uno con la espada\u00f1a de la Parroquia de Santiago, y, posteriormente, dentro de los ceros de la cifra centenaria, con el primitivo escudo de la cofrad\u00eda y el monograma mariano (en referencia a Mar\u00eda Stma. de la Paz y Esperanza), respectivamente.<\/p>\n\n\n\n<p>Posteriormente, el presidente de la Comisi\u00f3n del Centenario, Jer\u00f3nimo Jim\u00e9nez Garc\u00eda, detall\u00f3 los actos que se celebrar\u00e1n desde el 17 de marzo de 2023 al 9 de marzo de 2024:<\/p>\n\n\n\n<p>-17 de marzo de 2023: Acto de apertura del Centenario Fundacional. Presentaci\u00f3n del Cartel Conmemorativo (realizado por Luc\u00eda Bujalance Amaro) y Marcha Procesional del Centenario (compuesta por Antonio Gonz\u00e1lez \u00c9cija).<\/p>\n\n\n\n<p>-18 de marzo de 2023: Preg\u00f3n extraordinario del Centenario que ser\u00e1 pronunciado por Carmen Franco Arroyo, cuyo presentador ser\u00e1 Manuel Franco Espinar.<\/p>\n\n\n\n<p>-19 y 20 de mayo de 2023: Espect\u00e1culo de recreaci\u00f3n audiovisual en 3D-MAPPING \u201cCien a\u00f1os de Columna, Paz y Esperanza en Lucena\u201d.<\/p>\n\n\n\n<p>-30 de septiembre de 2023: Solemne Misa Pontifical en el Llanete de Santiago y presidida por Excmo. Sr. Obispo de la Di\u00f3cesis de C\u00f3roba D.Demetrio Fern\u00e1ndez Gonz\u00e1lez.<\/p>\n\n\n\n<p>-21 de octubre de 2023: Procesi\u00f3n extraordinaria de Ntro. Padre Jes\u00fas de la Columna y Mar\u00eda Stma. de la Paz y Esperanza desde la Parroquia de Santiago a la Parroquia de San Mateo a las 20.00 horas con acompa\u00f1amiento musical de la Banda de Cornetas y Tambores del Stmo. Cristo de las Tres Ca\u00eddas de Triana (Sevilla) y de la Sociedad Did\u00e1ctico Musical Banda de M\u00fasica de Lucena.<\/p>\n\n\n\n<p>-27 de octubre de 2023: Misa de despedida en Honor de Nuestros Titulares a las 20.30 horas en la Parroquia de San Mateo, presidida por D. Jes\u00fas Mar\u00eda Moriana Elvira, p\u00e1rroco deSan Mateo y Vicario Episcopal de la Campi\u00f1a.<\/p>\n\n\n\n<p>-28 de octubre de 2023: Procesi\u00f3n extraordinaria de Ntro. Padre Jes\u00fas de la Columna y Mar\u00eda Stma. de la Paz y Esperanza desde la Parroquia de San Mateo a la Parroquia de Santiago a las 19.30 horas con acompa\u00f1amiento musical de la Banda de Cornetas y Tambores de la Centuria Romana de la Hermandad de la Macarena (Sevilla) y de la Sociedad Did\u00e1ctico Musical Banda de M\u00fasica de Lucena.<\/p>\n\n\n\n<p>-18 de noviembre de 2023: Encuentro Provincial de Juventudes Cofradieras \u201cLos j\u00f3venes en las Cofrad\u00edas. Presente y futuro\u201d. Moderado por Juan G\u00f3mez del Pino.<\/p>\n\n\n\n<p>-2 de diciembre de 2023: Espect\u00e1culo Ben\u00e9fico de Zambomba Flamenca por el grupo \u201cEsencia Flamenca por Navidad\u201d en el Auditorio Municial Manuel Lara Cantizani. Los beneficios se destinar\u00e1 a la adquisici\u00f3n de juguetes para su entrega a familias desfavorecidas a trav\u00e9s de C\u00e1ritas Parroquial de Santiago.<\/p>\n\n\n\n<p>-20 de enero de 2024: Conferencia por el nacimiento de D. Pedro Rold\u00e1n y Onieva \u201cEl origen de una devoci\u00f3n\u201d, a cargo de Andr\u00e9s Luque Teruel.<\/p>\n\n\n\n<p>-9 de febrero de 2024: Exposici\u00f3n fotogr\u00e1fica \u201cCien a\u00f1os de Columna, Paz y Esperanza\u201d en el Palacio de los Condes de Santa Ana.<\/p>\n\n\n\n<p>-25 de febrero de 2024: Certamen de Marchas Procesionales \u201cColumna Centenaria\u201d en el Auditorio Municipal Manuel Lara Cantizani.<\/p>\n\n\n\n<p>-7 de marzo de 2024: Conferencia y presentaci\u00f3n del libro \u201c El Amarrado a la Columna de la Veracruz lucentina\u201d del autor Luisfernando Palma Robles en la Parroquia de Santiago. La recaudaci\u00f3n por la venta de libro (10 \u20ac) ser\u00e1 destinada a fines caritativos y sociales.<\/p>\n\n\n\n<p>-9 de marzo de 2024: Clausura Centenario: CIEN A\u00d1OS DE COLUMNA Y PAZ Y ESPERANZA EN LUCENA. Eucarist\u00eda en la Parroquia de Santiago con el reconocimiento de honores y distinciones.<\/p>\n\n\n\n<p>Desde la junta de gobierno, queremos agradecer a todos los que nos acompa\u00f1\u00e1steis en la noche de ayer, autoridades civiles y eclesi\u00e1sticas, cofrades, santeros, medios de comunicaci\u00f3n y, en especial, a todos los hermanos de la cofrad\u00eda. Os dejamos con el v\u00eddeo de la presentaci\u00f3n que se celebr\u00f3 despu\u00e9s de la Santa Misa (a partir del minuto 1:09:00)<\/p>\n\n\n\n<figure class=\"wp-block-embed is-type-video is-provider-youtube wp-block-embed-youtube wp-embed-aspect-16-9 wp-has-aspect-ratio\"><div class=\"wp-block-embed__wrapper\">\n<iframe loading=\"lazy\" title=\"Santa Misa\" width=\"1080\" height=\"608\" src=\"https:\/\/www.youtube.com\/embed\/V0ClkGv5A5g?feature=oembed\"  allow=\"accelerometer; autoplay; clipboard-write; encrypted-media; gyroscope; picture-in-picture; web-share\" allowfullscreen><\/iframe>\n<\/div><\/figure>\n\n\n\n<div class=\"wp-block-jetpack-tiled-gallery aligncenter is-style-rectangular\"><div class=\"tiled-gallery__gallery\"><div class=\"tiled-gallery__row\"><div class=\"tiled-gallery__col\" style=\"flex-basis:51.45105%\"><figure class=\"tiled-gallery__item\"><img decoding=\"async\" srcset=\"https:\/\/i0.wp.com\/columnayesperanzalucena.es\/wp-content\/uploads\/2023\/02\/328989495_1267288800869350_2406650348303470588_n-1024x592.jpg?strip=info&#038;w=600&#038;ssl=1 600w,https:\/\/i0.wp.com\/columnayesperanzalucena.es\/wp-content\/uploads\/2023\/02\/328989495_1267288800869350_2406650348303470588_n-1024x592.jpg?strip=info&#038;w=900&#038;ssl=1 900w,https:\/\/i0.wp.com\/columnayesperanzalucena.es\/wp-content\/uploads\/2023\/02\/328989495_1267288800869350_2406650348303470588_n-1024x592.jpg?strip=info&#038;w=1200&#038;ssl=1 1200w,https:\/\/i0.wp.com\/columnayesperanzalucena.es\/wp-content\/uploads\/2023\/02\/328989495_1267288800869350_2406650348303470588_n-1024x592.jpg?strip=info&#038;w=1500&#038;ssl=1 1500w,https:\/\/i0.wp.com\/columnayesperanzalucena.es\/wp-content\/uploads\/2023\/02\/328989495_1267288800869350_2406650348303470588_n-1024x592.jpg?strip=info&#038;w=1800&#038;ssl=1 1800w,https:\/\/i0.wp.com\/columnayesperanzalucena.es\/wp-content\/uploads\/2023\/02\/328989495_1267288800869350_2406650348303470588_n-1024x592.jpg?strip=info&#038;w=2000&#038;ssl=1 2000w\" alt=\"\" data-height=\"1184\" data-id=\"878\" data-link=\"https:\/\/columnayesperanzalucena.es\/?attachment_id=878\" data-url=\"https:\/\/columnayesperanzalucena.es\/wp-content\/uploads\/2023\/02\/328989495_1267288800869350_2406650348303470588_n-1024x592.jpg\" data-width=\"2048\" src=\"https:\/\/i0.wp.com\/columnayesperanzalucena.es\/wp-content\/uploads\/2023\/02\/328989495_1267288800869350_2406650348303470588_n-1024x592.jpg?ssl=1\" data-amp-layout=\"responsive\"\/><\/figure><\/div><div class=\"tiled-gallery__col\" style=\"flex-basis:48.54895%\"><figure class=\"tiled-gallery__item\"><img decoding=\"async\" srcset=\"https:\/\/i2.wp.com\/columnayesperanzalucena.es\/wp-content\/uploads\/2023\/02\/329569809_858008498700625_903432331874807024_n-1024x628.jpg?strip=info&#038;w=600&#038;ssl=1 600w,https:\/\/i2.wp.com\/columnayesperanzalucena.es\/wp-content\/uploads\/2023\/02\/329569809_858008498700625_903432331874807024_n-1024x628.jpg?strip=info&#038;w=900&#038;ssl=1 900w,https:\/\/i2.wp.com\/columnayesperanzalucena.es\/wp-content\/uploads\/2023\/02\/329569809_858008498700625_903432331874807024_n-1024x628.jpg?strip=info&#038;w=1200&#038;ssl=1 1200w,https:\/\/i2.wp.com\/columnayesperanzalucena.es\/wp-content\/uploads\/2023\/02\/329569809_858008498700625_903432331874807024_n-1024x628.jpg?strip=info&#038;w=1500&#038;ssl=1 1500w,https:\/\/i2.wp.com\/columnayesperanzalucena.es\/wp-content\/uploads\/2023\/02\/329569809_858008498700625_903432331874807024_n-1024x628.jpg?strip=info&#038;w=1800&#038;ssl=1 1800w,https:\/\/i2.wp.com\/columnayesperanzalucena.es\/wp-content\/uploads\/2023\/02\/329569809_858008498700625_903432331874807024_n-1024x628.jpg?strip=info&#038;w=2000&#038;ssl=1 2000w\" alt=\"\" data-height=\"1255\" data-id=\"879\" data-link=\"https:\/\/columnayesperanzalucena.es\/?attachment_id=879\" data-url=\"https:\/\/columnayesperanzalucena.es\/wp-content\/uploads\/2023\/02\/329569809_858008498700625_903432331874807024_n-1024x628.jpg\" data-width=\"2048\" src=\"https:\/\/i2.wp.com\/columnayesperanzalucena.es\/wp-content\/uploads\/2023\/02\/329569809_858008498700625_903432331874807024_n-1024x628.jpg?ssl=1\" data-amp-layout=\"responsive\"\/><\/figure><\/div><\/div><div class=\"tiled-gallery__row\"><div class=\"tiled-gallery__col\" style=\"flex-basis:45.36960%\"><figure class=\"tiled-gallery__item\"><img decoding=\"async\" srcset=\"https:\/\/i1.wp.com\/columnayesperanzalucena.es\/wp-content\/uploads\/2023\/02\/329597774_3407590046174664_2664546462292527905_n-1024x577.jpg?strip=info&#038;w=600&#038;ssl=1 600w,https:\/\/i1.wp.com\/columnayesperanzalucena.es\/wp-content\/uploads\/2023\/02\/329597774_3407590046174664_2664546462292527905_n-1024x577.jpg?strip=info&#038;w=900&#038;ssl=1 900w,https:\/\/i1.wp.com\/columnayesperanzalucena.es\/wp-content\/uploads\/2023\/02\/329597774_3407590046174664_2664546462292527905_n-1024x577.jpg?strip=info&#038;w=1200&#038;ssl=1 1200w,https:\/\/i1.wp.com\/columnayesperanzalucena.es\/wp-content\/uploads\/2023\/02\/329597774_3407590046174664_2664546462292527905_n-1024x577.jpg?strip=info&#038;w=1500&#038;ssl=1 1500w,https:\/\/i1.wp.com\/columnayesperanzalucena.es\/wp-content\/uploads\/2023\/02\/329597774_3407590046174664_2664546462292527905_n-1024x577.jpg?strip=info&#038;w=1800&#038;ssl=1 1800w,https:\/\/i1.wp.com\/columnayesperanzalucena.es\/wp-content\/uploads\/2023\/02\/329597774_3407590046174664_2664546462292527905_n-1024x577.jpg?strip=info&#038;w=2000&#038;ssl=1 2000w\" alt=\"\" data-height=\"1153\" data-id=\"880\" data-link=\"https:\/\/columnayesperanzalucena.es\/?attachment_id=880\" data-url=\"https:\/\/columnayesperanzalucena.es\/wp-content\/uploads\/2023\/02\/329597774_3407590046174664_2664546462292527905_n-1024x577.jpg\" data-width=\"2048\" src=\"https:\/\/i1.wp.com\/columnayesperanzalucena.es\/wp-content\/uploads\/2023\/02\/329597774_3407590046174664_2664546462292527905_n-1024x577.jpg?ssl=1\" data-amp-layout=\"responsive\"\/><\/figure><figure class=\"tiled-gallery__item\"><img decoding=\"async\" srcset=\"https:\/\/i0.wp.com\/columnayesperanzalucena.es\/wp-content\/uploads\/2023\/02\/329615060_739975424366879_3476678456899698061_n-1024x640.jpg?strip=info&#038;w=600&#038;ssl=1 600w,https:\/\/i0.wp.com\/columnayesperanzalucena.es\/wp-content\/uploads\/2023\/02\/329615060_739975424366879_3476678456899698061_n-1024x640.jpg?strip=info&#038;w=900&#038;ssl=1 900w,https:\/\/i0.wp.com\/columnayesperanzalucena.es\/wp-content\/uploads\/2023\/02\/329615060_739975424366879_3476678456899698061_n-1024x640.jpg?strip=info&#038;w=1200&#038;ssl=1 1200w,https:\/\/i0.wp.com\/columnayesperanzalucena.es\/wp-content\/uploads\/2023\/02\/329615060_739975424366879_3476678456899698061_n-1024x640.jpg?strip=info&#038;w=1500&#038;ssl=1 1500w,https:\/\/i0.wp.com\/columnayesperanzalucena.es\/wp-content\/uploads\/2023\/02\/329615060_739975424366879_3476678456899698061_n-1024x640.jpg?strip=info&#038;w=1684&#038;ssl=1 1684w\" alt=\"\" data-height=\"1053\" data-id=\"881\" data-link=\"https:\/\/columnayesperanzalucena.es\/?attachment_id=881\" data-url=\"https:\/\/columnayesperanzalucena.es\/wp-content\/uploads\/2023\/02\/329615060_739975424366879_3476678456899698061_n-1024x640.jpg\" data-width=\"1684\" src=\"https:\/\/i0.wp.com\/columnayesperanzalucena.es\/wp-content\/uploads\/2023\/02\/329615060_739975424366879_3476678456899698061_n-1024x640.jpg?ssl=1\" data-amp-layout=\"responsive\"\/><\/figure><figure class=\"tiled-gallery__item\"><img decoding=\"async\" srcset=\"https:\/\/i0.wp.com\/columnayesperanzalucena.es\/wp-content\/uploads\/2023\/02\/330769178_3629091040655651_5103691576476447277_n-1024x686.jpg?strip=info&#038;w=600&#038;ssl=1 600w,https:\/\/i0.wp.com\/columnayesperanzalucena.es\/wp-content\/uploads\/2023\/02\/330769178_3629091040655651_5103691576476447277_n-1024x686.jpg?strip=info&#038;w=900&#038;ssl=1 900w,https:\/\/i0.wp.com\/columnayesperanzalucena.es\/wp-content\/uploads\/2023\/02\/330769178_3629091040655651_5103691576476447277_n-1024x686.jpg?strip=info&#038;w=1200&#038;ssl=1 1200w,https:\/\/i0.wp.com\/columnayesperanzalucena.es\/wp-content\/uploads\/2023\/02\/330769178_3629091040655651_5103691576476447277_n-1024x686.jpg?strip=info&#038;w=1500&#038;ssl=1 1500w,https:\/\/i0.wp.com\/columnayesperanzalucena.es\/wp-content\/uploads\/2023\/02\/330769178_3629091040655651_5103691576476447277_n-1024x686.jpg?strip=info&#038;w=1800&#038;ssl=1 1800w,https:\/\/i0.wp.com\/columnayesperanzalucena.es\/wp-content\/uploads\/2023\/02\/330769178_3629091040655651_5103691576476447277_n-1024x686.jpg?strip=info&#038;w=2000&#038;ssl=1 2000w\" alt=\"\" data-height=\"1372\" data-id=\"882\" data-link=\"https:\/\/columnayesperanzalucena.es\/?attachment_id=882\" data-url=\"https:\/\/columnayesperanzalucena.es\/wp-content\/uploads\/2023\/02\/330769178_3629091040655651_5103691576476447277_n-1024x686.jpg\" data-width=\"2048\" src=\"https:\/\/i0.wp.com\/columnayesperanzalucena.es\/wp-content\/uploads\/2023\/02\/330769178_3629091040655651_5103691576476447277_n-1024x686.jpg?ssl=1\" data-amp-layout=\"responsive\"\/><\/figure><\/div><div class=\"tiled-gallery__col\" style=\"flex-basis:54.63040%\"><figure class=\"tiled-gallery__item\"><img decoding=\"async\" srcset=\"https:\/\/i1.wp.com\/columnayesperanzalucena.es\/wp-content\/uploads\/2023\/02\/330769376_940531920293348_3021818634092315770_n-659x1024.jpg?strip=info&#038;w=600&#038;ssl=1 600w,https:\/\/i1.wp.com\/columnayesperanzalucena.es\/wp-content\/uploads\/2023\/02\/330769376_940531920293348_3021818634092315770_n-659x1024.jpg?strip=info&#038;w=900&#038;ssl=1 900w,https:\/\/i1.wp.com\/columnayesperanzalucena.es\/wp-content\/uploads\/2023\/02\/330769376_940531920293348_3021818634092315770_n-659x1024.jpg?strip=info&#038;w=1029&#038;ssl=1 1029w\" alt=\"\" data-height=\"1600\" data-id=\"883\" data-link=\"https:\/\/columnayesperanzalucena.es\/?attachment_id=883\" data-url=\"https:\/\/columnayesperanzalucena.es\/wp-content\/uploads\/2023\/02\/330769376_940531920293348_3021818634092315770_n-659x1024.jpg\" data-width=\"1029\" src=\"https:\/\/i1.wp.com\/columnayesperanzalucena.es\/wp-content\/uploads\/2023\/02\/330769376_940531920293348_3021818634092315770_n-659x1024.jpg?ssl=1\" data-amp-layout=\"responsive\"\/><\/figure><\/div><\/div><div class=\"tiled-gallery__row\"><div class=\"tiled-gallery__col\" style=\"flex-basis:66.02121%\"><figure class=\"tiled-gallery__item\"><img decoding=\"async\" srcset=\"https:\/\/i2.wp.com\/columnayesperanzalucena.es\/wp-content\/uploads\/2023\/02\/330780265_958538408473240_599404509566033220_n-1024x683.jpg?strip=info&#038;w=600&#038;ssl=1 600w,https:\/\/i2.wp.com\/columnayesperanzalucena.es\/wp-content\/uploads\/2023\/02\/330780265_958538408473240_599404509566033220_n-1024x683.jpg?strip=info&#038;w=900&#038;ssl=1 900w,https:\/\/i2.wp.com\/columnayesperanzalucena.es\/wp-content\/uploads\/2023\/02\/330780265_958538408473240_599404509566033220_n-1024x683.jpg?strip=info&#038;w=1200&#038;ssl=1 1200w,https:\/\/i2.wp.com\/columnayesperanzalucena.es\/wp-content\/uploads\/2023\/02\/330780265_958538408473240_599404509566033220_n-1024x683.jpg?strip=info&#038;w=1500&#038;ssl=1 1500w,https:\/\/i2.wp.com\/columnayesperanzalucena.es\/wp-content\/uploads\/2023\/02\/330780265_958538408473240_599404509566033220_n-1024x683.jpg?strip=info&#038;w=1759&#038;ssl=1 1759w\" alt=\"\" data-height=\"1173\" data-id=\"884\" data-link=\"https:\/\/columnayesperanzalucena.es\/?attachment_id=884\" data-url=\"https:\/\/columnayesperanzalucena.es\/wp-content\/uploads\/2023\/02\/330780265_958538408473240_599404509566033220_n-1024x683.jpg\" data-width=\"1759\" src=\"https:\/\/i2.wp.com\/columnayesperanzalucena.es\/wp-content\/uploads\/2023\/02\/330780265_958538408473240_599404509566033220_n-1024x683.jpg?ssl=1\" data-amp-layout=\"responsive\"\/><\/figure><\/div><div class=\"tiled-gallery__col\" style=\"flex-basis:33.97879%\"><figure class=\"tiled-gallery__item\"><img decoding=\"async\" srcset=\"https:\/\/i1.wp.com\/columnayesperanzalucena.es\/wp-content\/uploads\/2023\/02\/330899847_1233706790606037_2753157709984929756_n-1024x656.jpg?strip=info&#038;w=600&#038;ssl=1 600w,https:\/\/i1.wp.com\/columnayesperanzalucena.es\/wp-content\/uploads\/2023\/02\/330899847_1233706790606037_2753157709984929756_n-1024x656.jpg?strip=info&#038;w=900&#038;ssl=1 900w,https:\/\/i1.wp.com\/columnayesperanzalucena.es\/wp-content\/uploads\/2023\/02\/330899847_1233706790606037_2753157709984929756_n-1024x656.jpg?strip=info&#038;w=1200&#038;ssl=1 1200w,https:\/\/i1.wp.com\/columnayesperanzalucena.es\/wp-content\/uploads\/2023\/02\/330899847_1233706790606037_2753157709984929756_n-1024x656.jpg?strip=info&#038;w=1500&#038;ssl=1 1500w,https:\/\/i1.wp.com\/columnayesperanzalucena.es\/wp-content\/uploads\/2023\/02\/330899847_1233706790606037_2753157709984929756_n-1024x656.jpg?strip=info&#038;w=1800&#038;ssl=1 1800w,https:\/\/i1.wp.com\/columnayesperanzalucena.es\/wp-content\/uploads\/2023\/02\/330899847_1233706790606037_2753157709984929756_n-1024x656.jpg?strip=info&#038;w=2000&#038;ssl=1 2000w\" alt=\"\" data-height=\"1312\" data-id=\"885\" data-link=\"https:\/\/columnayesperanzalucena.es\/?attachment_id=885\" data-url=\"https:\/\/columnayesperanzalucena.es\/wp-content\/uploads\/2023\/02\/330899847_1233706790606037_2753157709984929756_n-1024x656.jpg\" data-width=\"2048\" src=\"https:\/\/i1.wp.com\/columnayesperanzalucena.es\/wp-content\/uploads\/2023\/02\/330899847_1233706790606037_2753157709984929756_n-1024x656.jpg?ssl=1\" data-amp-layout=\"responsive\"\/><\/figure><figure class=\"tiled-gallery__item\"><img decoding=\"async\" srcset=\"https:\/\/i2.wp.com\/columnayesperanzalucena.es\/wp-content\/uploads\/2023\/02\/330923371_3400088420278719_1238087654899729230_n-1024x665.jpg?strip=info&#038;w=600&#038;ssl=1 600w,https:\/\/i2.wp.com\/columnayesperanzalucena.es\/wp-content\/uploads\/2023\/02\/330923371_3400088420278719_1238087654899729230_n-1024x665.jpg?strip=info&#038;w=900&#038;ssl=1 900w,https:\/\/i2.wp.com\/columnayesperanzalucena.es\/wp-content\/uploads\/2023\/02\/330923371_3400088420278719_1238087654899729230_n-1024x665.jpg?strip=info&#038;w=1200&#038;ssl=1 1200w,https:\/\/i2.wp.com\/columnayesperanzalucena.es\/wp-content\/uploads\/2023\/02\/330923371_3400088420278719_1238087654899729230_n-1024x665.jpg?strip=info&#038;w=1500&#038;ssl=1 1500w,https:\/\/i2.wp.com\/columnayesperanzalucena.es\/wp-content\/uploads\/2023\/02\/330923371_3400088420278719_1238087654899729230_n-1024x665.jpg?strip=info&#038;w=1669&#038;ssl=1 1669w\" alt=\"\" data-height=\"1084\" data-id=\"886\" data-link=\"https:\/\/columnayesperanzalucena.es\/?attachment_id=886\" data-url=\"https:\/\/columnayesperanzalucena.es\/wp-content\/uploads\/2023\/02\/330923371_3400088420278719_1238087654899729230_n-1024x665.jpg\" data-width=\"1669\" src=\"https:\/\/i2.wp.com\/columnayesperanzalucena.es\/wp-content\/uploads\/2023\/02\/330923371_3400088420278719_1238087654899729230_n-1024x665.jpg?ssl=1\" data-amp-layout=\"responsive\"\/><\/figure><\/div><\/div><\/div><\/div>\n","protected":false},"excerpt":{"rendered":"<p>En la noche del 16 de febrero, a las 20.30h en la Parroquia de Santiago, tuvo lugar la presentaci\u00f3n del logotipo y actos del centenario fundacional de la Cofrad\u00eda de Ntro. Padre Jes\u00fas de la Columna y Mar\u00eda Stma. de la Paz y Esperanza. En la primera parte de la presentaci\u00f3n, el hermano de la [&hellip;]<\/p>\n","protected":false},"author":1,"featured_media":883,"comment_status":"open","ping_status":"open","sticky":false,"template":"","format":"standard","meta":{"_et_pb_use_builder":"off","_et_pb_old_content":"","_et_gb_content_width":"1080","_jetpack_memberships_contains_paid_content":false,"footnotes":""},"categories":[1],"tags":[],"class_list":["post-877","post","type-post","status-publish","format-standard","has-post-thumbnail","hentry","category-uncategorized"],"jetpack_sharing_enabled":true,"jetpack_featured_media_url":"https:\/\/columnayesperanzalucena.es\/wp-content\/uploads\/2023\/02\/330769376_940531920293348_3021818634092315770_n.jpg","_links":{"self":[{"href":"https:\/\/columnayesperanzalucena.es\/index.php?rest_route=\/wp\/v2\/posts\/877","targetHints":{"allow":["GET"]}}],"collection":[{"href":"https:\/\/columnayesperanzalucena.es\/index.php?rest_route=\/wp\/v2\/posts"}],"about":[{"href":"https:\/\/columnayesperanzalucena.es\/index.php?rest_route=\/wp\/v2\/types\/post"}],"author":[{"embeddable":true,"href":"https:\/\/columnayesperanzalucena.es\/index.php?rest_route=\/wp\/v2\/users\/1"}],"replies":[{"embeddable":true,"href":"https:\/\/columnayesperanzalucena.es\/index.php?rest_route=%2Fwp%2Fv2%2Fcomments&post=877"}],"version-history":[{"count":2,"href":"https:\/\/columnayesperanzalucena.es\/index.php?rest_route=\/wp\/v2\/posts\/877\/revisions"}],"predecessor-version":[{"id":888,"href":"https:\/\/columnayesperanzalucena.es\/index.php?rest_route=\/wp\/v2\/posts\/877\/revisions\/888"}],"wp:featuredmedia":[{"embeddable":true,"href":"https:\/\/columnayesperanzalucena.es\/index.php?rest_route=\/wp\/v2\/media\/883"}],"wp:attachment":[{"href":"https:\/\/columnayesperanzalucena.es\/index.php?rest_route=%2Fwp%2Fv2%2Fmedia&parent=877"}],"wp:term":[{"taxonomy":"category","embeddable":true,"href":"https:\/\/columnayesperanzalucena.es\/index.php?rest_route=%2Fwp%2Fv2%2Fcategories&post=877"},{"taxonomy":"post_tag","embeddable":true,"href":"https:\/\/columnayesperanzalucena.es\/index.php?rest_route=%2Fwp%2Fv2%2Ftags&post=877"}],"curies":[{"name":"wp","href":"https:\/\/api.w.org\/{rel}","templated":true}]}}