{"id":871,"date":"2023-02-22T17:26:21","date_gmt":"2023-02-22T17:26:21","guid":{"rendered":"https:\/\/columnayesperanzalucena.es\/?p=871"},"modified":"2023-02-27T17:28:08","modified_gmt":"2023-02-27T17:28:08","slug":"cuaresma","status":"publish","type":"post","link":"https:\/\/columnayesperanzalucena.es\/?p=871","title":{"rendered":"CUARESMA |"},"content":{"rendered":"\n<p>Hoy, Mi\u00e9rcoles de Ceniza, comienza la Cuaresma. Cuarenta d\u00edas, estos pr\u00f3ximos, que nos invitan a la reflexi\u00f3n y penitencia, prepar\u00e1ndonos para vivir m\u00e1s cerca de Cristo y dar paso a la Pascua de la Resurrecci\u00f3n del Se\u00f1or.<\/p>\n\n\n\n<p>Hoy, a las 20.00h en la Parroquia de Santiago, tendr\u00e1 lugar la misa e imposici\u00f3n de ceniza. A la finalizaci\u00f3n de la eucarist\u00eda, tras el aplazamiento del Viacrucis de Ntro. Padre Jes\u00fas de la Columna al 29 de marzo, se rezar\u00e1 el Miserere y Perd\u00f3n a <a><\/a>cargo del coro del Cristo de la Sangre.<\/p>\n\n\n\n<p>Recordamos que el rezo del Miserere y Perd\u00f3n continuar\u00e1 durante todos los mi\u00e9rcoles de Cuaresma a las 21.00h en nuestra capilla.<\/p>\n\n\n\n<p>Desde la Cofrad\u00eda y Hermandad de Ntro. Padre Jes\u00fas de la Columna y Mar\u00eda Stma. de la Paz y Esperanza, os invitamos a vivir este tiempo de Cuaresma en la Parroquia de Santiago.<\/p>\n\n\n\n<p><a href=\"https:\/\/www.facebook.com\/hashtag\/100a%C3%B1osdecolumnapazyesperanza?__eep__=6&amp;__cft__[0]=AZWfONLn3tfywiXp5skhqXHYQF271gUQ5DS6AVeVoEX2Szh-k_fwTmT2D__KJHS7MmCSQZTbQ8qQgpFFKtF7j_6hrM0ux6MLcsXmXQB7xlDFjRRhz99CEyOBXlVxt-R4CpwGNPiY0LcDQGjv_RW39oMXxUzfQrvEuMxN4RYuBAsC3PX0yRusIqaueknyxrws7hI&amp;__tn__=*NK-R\">#100a\u00f1osdeColumnaPazyEsperanza<\/a><\/p>\n\n\n\n<p><a href=\"https:\/\/www.facebook.com\/hashtag\/columnadeesperanza?__eep__=6&amp;__cft__[0]=AZWfONLn3tfywiXp5skhqXHYQF271gUQ5DS6AVeVoEX2Szh-k_fwTmT2D__KJHS7MmCSQZTbQ8qQgpFFKtF7j_6hrM0ux6MLcsXmXQB7xlDFjRRhz99CEyOBXlVxt-R4CpwGNPiY0LcDQGjv_RW39oMXxUzfQrvEuMxN4RYuBAsC3PX0yRusIqaueknyxrws7hI&amp;__tn__=*NK-R\">#ColumnadeEsperanza<\/a><\/p>\n\n\n\n<div class=\"wp-block-jetpack-tiled-gallery aligncenter is-style-columns\"><div class=\"tiled-gallery__gallery\"><div class=\"tiled-gallery__row\"><div class=\"tiled-gallery__col\" style=\"flex-basis:54.23024%\"><figure class=\"tiled-gallery__item\"><img decoding=\"async\" srcset=\"https:\/\/i0.wp.com\/columnayesperanzalucena.es\/wp-content\/uploads\/2023\/02\/332134102_721866812999500_6036643197773300476_n.jpg?strip=info&#038;w=489&#038;ssl=1 489w\" alt=\"\" data-height=\"275\" data-id=\"872\" data-link=\"https:\/\/columnayesperanzalucena.es\/?attachment_id=872\" data-url=\"https:\/\/columnayesperanzalucena.es\/wp-content\/uploads\/2023\/02\/332134102_721866812999500_6036643197773300476_n.jpg\" data-width=\"489\" src=\"https:\/\/i0.wp.com\/columnayesperanzalucena.es\/wp-content\/uploads\/2023\/02\/332134102_721866812999500_6036643197773300476_n.jpg?ssl=1\" data-amp-layout=\"responsive\"\/><\/figure><\/div><div class=\"tiled-gallery__col\" style=\"flex-basis:45.76976%\"><figure class=\"tiled-gallery__item\"><img decoding=\"async\" srcset=\"https:\/\/i2.wp.com\/columnayesperanzalucena.es\/wp-content\/uploads\/2023\/02\/332150664_872817910666400_5782458921826699509_n.jpg?strip=info&#038;w=600&#038;ssl=1 600w,https:\/\/i2.wp.com\/columnayesperanzalucena.es\/wp-content\/uploads\/2023\/02\/332150664_872817910666400_5782458921826699509_n.jpg?strip=info&#038;w=900&#038;ssl=1 900w,https:\/\/i2.wp.com\/columnayesperanzalucena.es\/wp-content\/uploads\/2023\/02\/332150664_872817910666400_5782458921826699509_n.jpg?strip=info&#038;w=960&#038;ssl=1 960w\" alt=\"\" data-height=\"640\" data-id=\"873\" data-link=\"https:\/\/columnayesperanzalucena.es\/?attachment_id=873\" data-url=\"https:\/\/columnayesperanzalucena.es\/wp-content\/uploads\/2023\/02\/332150664_872817910666400_5782458921826699509_n.jpg\" data-width=\"960\" src=\"https:\/\/i2.wp.com\/columnayesperanzalucena.es\/wp-content\/uploads\/2023\/02\/332150664_872817910666400_5782458921826699509_n.jpg?ssl=1\" data-amp-layout=\"responsive\"\/><\/figure><\/div><\/div><\/div><\/div>\n","protected":false},"excerpt":{"rendered":"<p>Hoy, Mi\u00e9rcoles de Ceniza, comienza la Cuaresma. Cuarenta d\u00edas, estos pr\u00f3ximos, que nos invitan a la reflexi\u00f3n y penitencia, prepar\u00e1ndonos para vivir m\u00e1s cerca de Cristo y dar paso a la Pascua de la Resurrecci\u00f3n del Se\u00f1or. Hoy, a las 20.00h en la Parroquia de Santiago, tendr\u00e1 lugar la misa e imposici\u00f3n de ceniza. A [&hellip;]<\/p>\n","protected":false},"author":1,"featured_media":874,"comment_status":"open","ping_status":"open","sticky":false,"template":"","format":"standard","meta":{"_et_pb_use_builder":"off","_et_pb_old_content":"","_et_gb_content_width":"1080","_jetpack_memberships_contains_paid_content":false,"footnotes":""},"categories":[1],"tags":[],"class_list":["post-871","post","type-post","status-publish","format-standard","has-post-thumbnail","hentry","category-uncategorized"],"jetpack_sharing_enabled":true,"jetpack_featured_media_url":"https:\/\/columnayesperanzalucena.es\/wp-content\/uploads\/2023\/02\/332123373_594182132320169_8205915537233216453_n.jpg","_links":{"self":[{"href":"https:\/\/columnayesperanzalucena.es\/index.php?rest_route=\/wp\/v2\/posts\/871","targetHints":{"allow":["GET"]}}],"collection":[{"href":"https:\/\/columnayesperanzalucena.es\/index.php?rest_route=\/wp\/v2\/posts"}],"about":[{"href":"https:\/\/columnayesperanzalucena.es\/index.php?rest_route=\/wp\/v2\/types\/post"}],"author":[{"embeddable":true,"href":"https:\/\/columnayesperanzalucena.es\/index.php?rest_route=\/wp\/v2\/users\/1"}],"replies":[{"embeddable":true,"href":"https:\/\/columnayesperanzalucena.es\/index.php?rest_route=%2Fwp%2Fv2%2Fcomments&post=871"}],"version-history":[{"count":2,"href":"https:\/\/columnayesperanzalucena.es\/index.php?rest_route=\/wp\/v2\/posts\/871\/revisions"}],"predecessor-version":[{"id":876,"href":"https:\/\/columnayesperanzalucena.es\/index.php?rest_route=\/wp\/v2\/posts\/871\/revisions\/876"}],"wp:featuredmedia":[{"embeddable":true,"href":"https:\/\/columnayesperanzalucena.es\/index.php?rest_route=\/wp\/v2\/media\/874"}],"wp:attachment":[{"href":"https:\/\/columnayesperanzalucena.es\/index.php?rest_route=%2Fwp%2Fv2%2Fmedia&parent=871"}],"wp:term":[{"taxonomy":"category","embeddable":true,"href":"https:\/\/columnayesperanzalucena.es\/index.php?rest_route=%2Fwp%2Fv2%2Fcategories&post=871"},{"taxonomy":"post_tag","embeddable":true,"href":"https:\/\/columnayesperanzalucena.es\/index.php?rest_route=%2Fwp%2Fv2%2Ftags&post=871"}],"curies":[{"name":"wp","href":"https:\/\/api.w.org\/{rel}","templated":true}]}}