{"id":857,"date":"2023-02-24T13:45:13","date_gmt":"2023-02-24T13:45:13","guid":{"rendered":"https:\/\/columnayesperanzalucena.es\/?p=857"},"modified":"2023-02-24T13:46:55","modified_gmt":"2023-02-24T13:46:55","slug":"reparto-de-tunicas","status":"publish","type":"post","link":"https:\/\/columnayesperanzalucena.es\/?p=857","title":{"rendered":"REPARTO DE T\u00daNICAS"},"content":{"rendered":"\n<p>REPARTO DE T\u00daNICAS | El reparto de t\u00fanicas se efectuar\u00e1 de la siguiente manera:<\/p>\n\n\n\n<p>&#8211; 4 Y 5 DE MARZO: de 12.00h a 13.30h en la Casa Hermandad para todos aquellos hermanos que realizaron estaci\u00f3n de penitencia en 2022.<\/p>\n\n\n\n<p>-11 Y 12 DE MARZO: de 12.00h a 13.30h en la Casa Hermandad para todos los hermanos que deseen realizar estaci\u00f3n de penitencia.<\/p>\n\n\n\n<p>&#8211; <a><\/a>T\u00daNICAS EN PROPIEDAD: Los hermanos que tengan t\u00fanica en propiedad y deseen realizar estaci\u00f3n de penitencia deber\u00e1n pasar en las fechas indicadas a recoger su papeleta de sitio<\/p>\n\n\n\n<p><a href=\"https:\/\/www.facebook.com\/hashtag\/100a%C3%B1osdecolumnapazyesperanza?__eep__=6&amp;__cft__[0]=AZXNWvR-5Xbfv9xu5kaw04fuTLgCv6igBAy01Xms2wa2rZAceqEHzQapcM2aX17OhhoDazqMFJeI55qhbvEhk22K-SMopUhQljG-msvSYy8CoXOJ438s1LOqqzztolqx7BPsyne1KBIxz6e_rxZeYWdU7FU3yzqQSqUlVBp0-2l_UlGJOQzhW-yU62gZDnHHQfw&amp;__tn__=*NK-R\">#100A\u00f1osdeColumnaPazyEsperanza<\/a><\/p>\n\n\n\n<p><a href=\"https:\/\/www.facebook.com\/hashtag\/columnadeesperanza?__eep__=6&amp;__cft__[0]=AZXNWvR-5Xbfv9xu5kaw04fuTLgCv6igBAy01Xms2wa2rZAceqEHzQapcM2aX17OhhoDazqMFJeI55qhbvEhk22K-SMopUhQljG-msvSYy8CoXOJ438s1LOqqzztolqx7BPsyne1KBIxz6e_rxZeYWdU7FU3yzqQSqUlVBp0-2l_UlGJOQzhW-yU62gZDnHHQfw&amp;__tn__=*NK-R\">#ColumnadeEsperanza<\/a><\/p>\n","protected":false},"excerpt":{"rendered":"<p>REPARTO DE T\u00daNICAS | El reparto de t\u00fanicas se efectuar\u00e1 de la siguiente manera: &#8211; 4 Y 5 DE MARZO: de 12.00h a 13.30h en la Casa Hermandad para todos aquellos hermanos que realizaron estaci\u00f3n de penitencia en 2022. -11 Y 12 DE MARZO: de 12.00h a 13.30h en la Casa Hermandad para todos los [&hellip;]<\/p>\n","protected":false},"author":1,"featured_media":858,"comment_status":"open","ping_status":"open","sticky":false,"template":"","format":"standard","meta":{"_et_pb_use_builder":"off","_et_pb_old_content":"","_et_gb_content_width":"1080","_jetpack_memberships_contains_paid_content":false,"footnotes":""},"categories":[1],"tags":[],"class_list":["post-857","post","type-post","status-publish","format-standard","has-post-thumbnail","hentry","category-uncategorized"],"jetpack_sharing_enabled":true,"jetpack_featured_media_url":"https:\/\/columnayesperanzalucena.es\/wp-content\/uploads\/2023\/02\/TUNICAS.jpg","_links":{"self":[{"href":"https:\/\/columnayesperanzalucena.es\/index.php?rest_route=\/wp\/v2\/posts\/857","targetHints":{"allow":["GET"]}}],"collection":[{"href":"https:\/\/columnayesperanzalucena.es\/index.php?rest_route=\/wp\/v2\/posts"}],"about":[{"href":"https:\/\/columnayesperanzalucena.es\/index.php?rest_route=\/wp\/v2\/types\/post"}],"author":[{"embeddable":true,"href":"https:\/\/columnayesperanzalucena.es\/index.php?rest_route=\/wp\/v2\/users\/1"}],"replies":[{"embeddable":true,"href":"https:\/\/columnayesperanzalucena.es\/index.php?rest_route=%2Fwp%2Fv2%2Fcomments&post=857"}],"version-history":[{"count":4,"href":"https:\/\/columnayesperanzalucena.es\/index.php?rest_route=\/wp\/v2\/posts\/857\/revisions"}],"predecessor-version":[{"id":863,"href":"https:\/\/columnayesperanzalucena.es\/index.php?rest_route=\/wp\/v2\/posts\/857\/revisions\/863"}],"wp:featuredmedia":[{"embeddable":true,"href":"https:\/\/columnayesperanzalucena.es\/index.php?rest_route=\/wp\/v2\/media\/858"}],"wp:attachment":[{"href":"https:\/\/columnayesperanzalucena.es\/index.php?rest_route=%2Fwp%2Fv2%2Fmedia&parent=857"}],"wp:term":[{"taxonomy":"category","embeddable":true,"href":"https:\/\/columnayesperanzalucena.es\/index.php?rest_route=%2Fwp%2Fv2%2Fcategories&post=857"},{"taxonomy":"post_tag","embeddable":true,"href":"https:\/\/columnayesperanzalucena.es\/index.php?rest_route=%2Fwp%2Fv2%2Ftags&post=857"}],"curies":[{"name":"wp","href":"https:\/\/api.w.org\/{rel}","templated":true}]}}