{"id":657,"date":"2022-10-20T17:40:18","date_gmt":"2022-10-20T17:40:18","guid":{"rendered":"https:\/\/columnayesperanzalucena.es\/?p=657"},"modified":"2022-10-24T17:40:32","modified_gmt":"2022-10-24T17:40:32","slug":"cartel-centenario-fundacional","status":"publish","type":"post","link":"https:\/\/columnayesperanzalucena.es\/?p=657","title":{"rendered":"CARTEL CENTENARIO FUNDACIONAL"},"content":{"rendered":"\n<p>CARTEL CENTENARIO FUNDACIONAL | La Cofrad\u00eda y Hermandad de Ntro. Padre Jes\u00fas de la Columna y Mar\u00eda Stma. de la Paz y Esperanza, convoca concurso de fotograf\u00eda y pintura para la realizaci\u00f3n del cartel anunciador del centenario fundacional de la cofrad\u00eda. A continuaci\u00f3n, se facilitan las bases por las que se regir\u00e1 el concurso.<\/p>\n\n\n\n<figure class=\"wp-block-gallery has-nested-images columns-default is-cropped wp-block-gallery-1 is-layout-flex wp-block-gallery-is-layout-flex\">\n<figure class=\"wp-block-image size-large\"><img loading=\"lazy\" decoding=\"async\" width=\"724\" height=\"1024\" data-id=\"659\" src=\"https:\/\/columnayesperanzalucena.es\/wp-content\/uploads\/2022\/10\/312281923_3480063232238488_5190846954548294890_n-724x1024.jpg\" alt=\"\" class=\"wp-image-659\"\/><\/figure>\n\n\n\n<figure class=\"wp-block-image size-large\"><img loading=\"lazy\" decoding=\"async\" width=\"724\" height=\"1024\" data-id=\"658\" src=\"https:\/\/columnayesperanzalucena.es\/wp-content\/uploads\/2022\/10\/312340710_3480063292238482_1956468477121040702_n-724x1024.jpg\" alt=\"\" class=\"wp-image-658\"\/><\/figure>\n\n\n\n<figure class=\"wp-block-image size-large\"><img loading=\"lazy\" decoding=\"async\" width=\"724\" height=\"1024\" data-id=\"660\" src=\"https:\/\/columnayesperanzalucena.es\/wp-content\/uploads\/2022\/10\/312417135_3480063348905143_3436681577876714165_n-724x1024.jpg\" alt=\"\" class=\"wp-image-660\"\/><\/figure>\n<\/figure>\n","protected":false},"excerpt":{"rendered":"<p>CARTEL CENTENARIO FUNDACIONAL | La Cofrad\u00eda y Hermandad de Ntro. Padre Jes\u00fas de la Columna y Mar\u00eda Stma. de la Paz y Esperanza, convoca concurso de fotograf\u00eda y pintura para la realizaci\u00f3n del cartel anunciador del centenario fundacional de la cofrad\u00eda. A continuaci\u00f3n, se facilitan las bases por las que se regir\u00e1 el concurso.<\/p>\n","protected":false},"author":1,"featured_media":659,"comment_status":"open","ping_status":"open","sticky":false,"template":"","format":"standard","meta":{"_et_pb_use_builder":"off","_et_pb_old_content":"","_et_gb_content_width":"1080","_jetpack_memberships_contains_paid_content":false,"footnotes":""},"categories":[1],"tags":[],"class_list":["post-657","post","type-post","status-publish","format-standard","has-post-thumbnail","hentry","category-uncategorized"],"jetpack_sharing_enabled":true,"jetpack_featured_media_url":"https:\/\/columnayesperanzalucena.es\/wp-content\/uploads\/2022\/10\/312281923_3480063232238488_5190846954548294890_n.jpg","_links":{"self":[{"href":"https:\/\/columnayesperanzalucena.es\/index.php?rest_route=\/wp\/v2\/posts\/657","targetHints":{"allow":["GET"]}}],"collection":[{"href":"https:\/\/columnayesperanzalucena.es\/index.php?rest_route=\/wp\/v2\/posts"}],"about":[{"href":"https:\/\/columnayesperanzalucena.es\/index.php?rest_route=\/wp\/v2\/types\/post"}],"author":[{"embeddable":true,"href":"https:\/\/columnayesperanzalucena.es\/index.php?rest_route=\/wp\/v2\/users\/1"}],"replies":[{"embeddable":true,"href":"https:\/\/columnayesperanzalucena.es\/index.php?rest_route=%2Fwp%2Fv2%2Fcomments&post=657"}],"version-history":[{"count":1,"href":"https:\/\/columnayesperanzalucena.es\/index.php?rest_route=\/wp\/v2\/posts\/657\/revisions"}],"predecessor-version":[{"id":661,"href":"https:\/\/columnayesperanzalucena.es\/index.php?rest_route=\/wp\/v2\/posts\/657\/revisions\/661"}],"wp:featuredmedia":[{"embeddable":true,"href":"https:\/\/columnayesperanzalucena.es\/index.php?rest_route=\/wp\/v2\/media\/659"}],"wp:attachment":[{"href":"https:\/\/columnayesperanzalucena.es\/index.php?rest_route=%2Fwp%2Fv2%2Fmedia&parent=657"}],"wp:term":[{"taxonomy":"category","embeddable":true,"href":"https:\/\/columnayesperanzalucena.es\/index.php?rest_route=%2Fwp%2Fv2%2Fcategories&post=657"},{"taxonomy":"post_tag","embeddable":true,"href":"https:\/\/columnayesperanzalucena.es\/index.php?rest_route=%2Fwp%2Fv2%2Ftags&post=657"}],"curies":[{"name":"wp","href":"https:\/\/api.w.org\/{rel}","templated":true}]}}