{"id":653,"date":"2022-10-19T17:37:47","date_gmt":"2022-10-19T17:37:47","guid":{"rendered":"https:\/\/columnayesperanzalucena.es\/?p=653"},"modified":"2022-10-24T17:38:41","modified_gmt":"2022-10-24T17:38:41","slug":"tres-caidas-de-triana","status":"publish","type":"post","link":"https:\/\/columnayesperanzalucena.es\/?p=653","title":{"rendered":"TRES CAIDAS DE TRIANA"},"content":{"rendered":"\n<p>TRES CA\u00cdDAS DE TRIANA | La Cofrad\u00eda y Hermandad de Ntro. Padre Jes\u00fas de la Columna y Mar\u00eda Stma de la Paz y Esperanza y la Banda de Cornetas y Tambores del Stmo. Cristo de las Tres Ca\u00eddas de Triana han firmado el acuerdo que les vincula para la pr\u00f3xima salida extraordinaria de nuestros Titulares que tendr\u00e1 lugar en 2023 con motivo del Centenario Fundacional de esta hermandad.<\/p>\n\n\n\n<p>Julio Vera, director de la banda, se ha desplazado hasta nuestra localidad para rubricar el contrato <a><\/a>y conocer las dependencias de la casa hermandad as\u00ed como la Parroquia de Santiago, donde se encuentran Ntro. Padre Jes\u00fas de la Columna y Mar\u00eda Stma de la Paz y Esperanza.<\/p>\n\n\n\n<p>Desde la junta de gobierno, queremos manifestar el agradecimiento, compromiso y predisposici\u00f3n que ha mostrado la reconocida banda sevillana en todo momento.<\/p>\n\n\n\n<p><a href=\"https:\/\/www.facebook.com\/hashtag\/columnadeesperanza?__eep__=6&amp;__cft__[0]=AZUDb3yTvVX7DPHP9QEKab1ghaHK9-BtVRf_03ffUgCERpstrbKgkmWwOn0eFUdUKRvc_X0yNIc0nRZqTflDY8lAUbVWkZ1BsKQ2l8ywPQvgUfEj2UMgANrB2sU0uzeTr_m61BQ0du2cki1P-jbrPKRuajHXGfS52EPTeINY2sBl8BJyN-I_2yHmTfZCmU4DYaY&amp;__tn__=*NK-R\">#columnadeesperanza<\/a><a href=\"https:\/\/www.facebook.com\/hashtag\/centenariofundacional?__eep__=6&amp;__cft__[0]=AZUDb3yTvVX7DPHP9QEKab1ghaHK9-BtVRf_03ffUgCERpstrbKgkmWwOn0eFUdUKRvc_X0yNIc0nRZqTflDY8lAUbVWkZ1BsKQ2l8ywPQvgUfEj2UMgANrB2sU0uzeTr_m61BQ0du2cki1P-jbrPKRuajHXGfS52EPTeINY2sBl8BJyN-I_2yHmTfZCmU4DYaY&amp;__tn__=*NK-R\">#centenariofundacional<\/a><a href=\"https:\/\/www.facebook.com\/oficialtrescaidasdetriana?__cft__[0]=AZUDb3yTvVX7DPHP9QEKab1ghaHK9-BtVRf_03ffUgCERpstrbKgkmWwOn0eFUdUKRvc_X0yNIc0nRZqTflDY8lAUbVWkZ1BsKQ2l8ywPQvgUfEj2UMgANrB2sU0uzeTr_m61BQ0du2cki1P-jbrPKRuajHXGfS52EPTeINY2sBl8BJyN-I_2yHmTfZCmU4DYaY&amp;__tn__=-]K-R\">Tres Ca\u00eddas de Triana<\/a><\/p>\n\n\n\n<figure class=\"wp-block-gallery has-nested-images columns-default is-cropped wp-block-gallery-1 is-layout-flex wp-block-gallery-is-layout-flex\">\n<figure class=\"wp-block-image size-large\"><img loading=\"lazy\" decoding=\"async\" width=\"768\" height=\"1024\" data-id=\"654\" src=\"https:\/\/columnayesperanzalucena.es\/wp-content\/uploads\/2022\/10\/310755543_3479402508971227_1887051960675299972_n-768x1024.jpg\" alt=\"\" class=\"wp-image-654\"\/><\/figure>\n\n\n\n<figure class=\"wp-block-image size-large\"><img loading=\"lazy\" decoding=\"async\" width=\"768\" height=\"1024\" data-id=\"655\" src=\"https:\/\/columnayesperanzalucena.es\/wp-content\/uploads\/2022\/10\/310809306_3479402628971215_45124025009571637_n-768x1024.jpg\" alt=\"\" class=\"wp-image-655\"\/><\/figure>\n<\/figure>\n","protected":false},"excerpt":{"rendered":"<p>TRES CA\u00cdDAS DE TRIANA | La Cofrad\u00eda y Hermandad de Ntro. Padre Jes\u00fas de la Columna y Mar\u00eda Stma de la Paz y Esperanza y la Banda de Cornetas y Tambores del Stmo. Cristo de las Tres Ca\u00eddas de Triana han firmado el acuerdo que les vincula para la pr\u00f3xima salida extraordinaria de nuestros Titulares [&hellip;]<\/p>\n","protected":false},"author":1,"featured_media":655,"comment_status":"open","ping_status":"open","sticky":false,"template":"","format":"standard","meta":{"_et_pb_use_builder":"off","_et_pb_old_content":"","_et_gb_content_width":"1080","_jetpack_memberships_contains_paid_content":false,"footnotes":""},"categories":[1],"tags":[],"class_list":["post-653","post","type-post","status-publish","format-standard","has-post-thumbnail","hentry","category-uncategorized"],"jetpack_sharing_enabled":true,"jetpack_featured_media_url":"https:\/\/columnayesperanzalucena.es\/wp-content\/uploads\/2022\/10\/310809306_3479402628971215_45124025009571637_n.jpg","_links":{"self":[{"href":"https:\/\/columnayesperanzalucena.es\/index.php?rest_route=\/wp\/v2\/posts\/653","targetHints":{"allow":["GET"]}}],"collection":[{"href":"https:\/\/columnayesperanzalucena.es\/index.php?rest_route=\/wp\/v2\/posts"}],"about":[{"href":"https:\/\/columnayesperanzalucena.es\/index.php?rest_route=\/wp\/v2\/types\/post"}],"author":[{"embeddable":true,"href":"https:\/\/columnayesperanzalucena.es\/index.php?rest_route=\/wp\/v2\/users\/1"}],"replies":[{"embeddable":true,"href":"https:\/\/columnayesperanzalucena.es\/index.php?rest_route=%2Fwp%2Fv2%2Fcomments&post=653"}],"version-history":[{"count":1,"href":"https:\/\/columnayesperanzalucena.es\/index.php?rest_route=\/wp\/v2\/posts\/653\/revisions"}],"predecessor-version":[{"id":656,"href":"https:\/\/columnayesperanzalucena.es\/index.php?rest_route=\/wp\/v2\/posts\/653\/revisions\/656"}],"wp:featuredmedia":[{"embeddable":true,"href":"https:\/\/columnayesperanzalucena.es\/index.php?rest_route=\/wp\/v2\/media\/655"}],"wp:attachment":[{"href":"https:\/\/columnayesperanzalucena.es\/index.php?rest_route=%2Fwp%2Fv2%2Fmedia&parent=653"}],"wp:term":[{"taxonomy":"category","embeddable":true,"href":"https:\/\/columnayesperanzalucena.es\/index.php?rest_route=%2Fwp%2Fv2%2Fcategories&post=653"},{"taxonomy":"post_tag","embeddable":true,"href":"https:\/\/columnayesperanzalucena.es\/index.php?rest_route=%2Fwp%2Fv2%2Ftags&post=653"}],"curies":[{"name":"wp","href":"https:\/\/api.w.org\/{rel}","templated":true}]}}