{"id":639,"date":"2022-10-11T17:03:44","date_gmt":"2022-10-11T17:03:44","guid":{"rendered":"https:\/\/columnayesperanzalucena.es\/?p=639"},"modified":"2022-10-24T17:27:59","modified_gmt":"2022-10-24T17:27:59","slug":"junta-general-extraordinaria","status":"publish","type":"post","link":"https:\/\/columnayesperanzalucena.es\/?p=639","title":{"rendered":"JUNTA GENERAL EXTRAORDINARIA"},"content":{"rendered":"\n<p>JUNTA GENERAL EXTRAORDINARIA | Citaci\u00f3n a todos los hermanos el pr\u00f3ximo 26 de octubre, a las 20:45 horas en la Parroquia de Santiago, para aprobar, si procede, la restauraci\u00f3n de la sagrada imagen de Ntro. Padre Jes\u00fas de la Columna.<\/p>\n\n\n\n<figure class=\"wp-block-image size-large\"><img loading=\"lazy\" decoding=\"async\" width=\"711\" height=\"1024\" src=\"https:\/\/columnayesperanzalucena.es\/wp-content\/uploads\/2022\/10\/311460330_3472559329655545_6740966364801316144_n-711x1024.jpg\" alt=\"\" class=\"wp-image-640\"\/><\/figure>\n","protected":false},"excerpt":{"rendered":"<p>JUNTA GENERAL EXTRAORDINARIA | Citaci\u00f3n a todos los hermanos el pr\u00f3ximo 26 de octubre, a las 20:45 horas en la Parroquia de Santiago, para aprobar, si procede, la restauraci\u00f3n de la sagrada imagen de Ntro. Padre Jes\u00fas de la Columna.<\/p>\n","protected":false},"author":1,"featured_media":640,"comment_status":"open","ping_status":"open","sticky":false,"template":"","format":"standard","meta":{"_et_pb_use_builder":"off","_et_pb_old_content":"","_et_gb_content_width":"1080","_jetpack_memberships_contains_paid_content":false,"footnotes":""},"categories":[1],"tags":[],"class_list":["post-639","post","type-post","status-publish","format-standard","has-post-thumbnail","hentry","category-uncategorized"],"jetpack_sharing_enabled":true,"jetpack_featured_media_url":"https:\/\/columnayesperanzalucena.es\/wp-content\/uploads\/2022\/10\/311460330_3472559329655545_6740966364801316144_n.jpg","_links":{"self":[{"href":"https:\/\/columnayesperanzalucena.es\/index.php?rest_route=\/wp\/v2\/posts\/639","targetHints":{"allow":["GET"]}}],"collection":[{"href":"https:\/\/columnayesperanzalucena.es\/index.php?rest_route=\/wp\/v2\/posts"}],"about":[{"href":"https:\/\/columnayesperanzalucena.es\/index.php?rest_route=\/wp\/v2\/types\/post"}],"author":[{"embeddable":true,"href":"https:\/\/columnayesperanzalucena.es\/index.php?rest_route=\/wp\/v2\/users\/1"}],"replies":[{"embeddable":true,"href":"https:\/\/columnayesperanzalucena.es\/index.php?rest_route=%2Fwp%2Fv2%2Fcomments&post=639"}],"version-history":[{"count":1,"href":"https:\/\/columnayesperanzalucena.es\/index.php?rest_route=\/wp\/v2\/posts\/639\/revisions"}],"predecessor-version":[{"id":641,"href":"https:\/\/columnayesperanzalucena.es\/index.php?rest_route=\/wp\/v2\/posts\/639\/revisions\/641"}],"wp:featuredmedia":[{"embeddable":true,"href":"https:\/\/columnayesperanzalucena.es\/index.php?rest_route=\/wp\/v2\/media\/640"}],"wp:attachment":[{"href":"https:\/\/columnayesperanzalucena.es\/index.php?rest_route=%2Fwp%2Fv2%2Fmedia&parent=639"}],"wp:term":[{"taxonomy":"category","embeddable":true,"href":"https:\/\/columnayesperanzalucena.es\/index.php?rest_route=%2Fwp%2Fv2%2Fcategories&post=639"},{"taxonomy":"post_tag","embeddable":true,"href":"https:\/\/columnayesperanzalucena.es\/index.php?rest_route=%2Fwp%2Fv2%2Ftags&post=639"}],"curies":[{"name":"wp","href":"https:\/\/api.w.org\/{rel}","templated":true}]}}