{"id":525,"date":"2022-09-29T14:05:15","date_gmt":"2022-09-29T14:05:15","guid":{"rendered":"https:\/\/columnayesperanzalucena.es\/?p=525"},"modified":"2022-09-29T14:06:20","modified_gmt":"2022-09-29T14:06:20","slug":"cena-de-hermandad","status":"publish","type":"post","link":"https:\/\/columnayesperanzalucena.es\/?p=525","title":{"rendered":"CENA DE HERMANDAD"},"content":{"rendered":"\n<p>CENA DE HERMANDAD | El pr\u00f3ximo Viernes d\u00eda 18 de noviembre de 2022, en los Jardines de Aguanevada de Lucena, tendr\u00e1 lugar la CENA Y ACTUACI\u00d3N MUSICAL que habitualmente viene celebrando nuestra cofrad\u00eda de forma anual.<\/p>\n\n\n\n<p>Os dejamos el cartel de la misma, esperando que tenga una buena acogida entre nuestros hermanos y devotos.<\/p>\n\n\n\n<p><\/p>\n\n\n\n<figure class=\"wp-block-image size-large\"><img loading=\"lazy\" decoding=\"async\" width=\"768\" height=\"1024\" src=\"https:\/\/columnayesperanzalucena.es\/wp-content\/uploads\/2022\/09\/img_0669-768x1024.jpg\" alt=\"\" class=\"wp-image-527\"\/><\/figure>\n","protected":false},"excerpt":{"rendered":"<p>CENA DE HERMANDAD | El pr\u00f3ximo Viernes d\u00eda 18 de noviembre de 2022, en los Jardines de Aguanevada de Lucena, tendr\u00e1 lugar la CENA Y ACTUACI\u00d3N MUSICAL que habitualmente viene celebrando nuestra cofrad\u00eda de forma anual. Os dejamos el cartel de la misma, esperando que tenga una buena acogida entre nuestros hermanos y devotos.<\/p>\n","protected":false},"author":1,"featured_media":527,"comment_status":"open","ping_status":"open","sticky":false,"template":"","format":"standard","meta":{"_et_pb_use_builder":"","_et_pb_old_content":"","_et_gb_content_width":"","_jetpack_memberships_contains_paid_content":false,"footnotes":""},"categories":[1],"tags":[],"class_list":["post-525","post","type-post","status-publish","format-standard","has-post-thumbnail","hentry","category-uncategorized"],"jetpack_sharing_enabled":true,"jetpack_featured_media_url":"https:\/\/columnayesperanzalucena.es\/wp-content\/uploads\/2022\/09\/img_0669.jpg","_links":{"self":[{"href":"https:\/\/columnayesperanzalucena.es\/index.php?rest_route=\/wp\/v2\/posts\/525","targetHints":{"allow":["GET"]}}],"collection":[{"href":"https:\/\/columnayesperanzalucena.es\/index.php?rest_route=\/wp\/v2\/posts"}],"about":[{"href":"https:\/\/columnayesperanzalucena.es\/index.php?rest_route=\/wp\/v2\/types\/post"}],"author":[{"embeddable":true,"href":"https:\/\/columnayesperanzalucena.es\/index.php?rest_route=\/wp\/v2\/users\/1"}],"replies":[{"embeddable":true,"href":"https:\/\/columnayesperanzalucena.es\/index.php?rest_route=%2Fwp%2Fv2%2Fcomments&post=525"}],"version-history":[{"count":3,"href":"https:\/\/columnayesperanzalucena.es\/index.php?rest_route=\/wp\/v2\/posts\/525\/revisions"}],"predecessor-version":[{"id":529,"href":"https:\/\/columnayesperanzalucena.es\/index.php?rest_route=\/wp\/v2\/posts\/525\/revisions\/529"}],"wp:featuredmedia":[{"embeddable":true,"href":"https:\/\/columnayesperanzalucena.es\/index.php?rest_route=\/wp\/v2\/media\/527"}],"wp:attachment":[{"href":"https:\/\/columnayesperanzalucena.es\/index.php?rest_route=%2Fwp%2Fv2%2Fmedia&parent=525"}],"wp:term":[{"taxonomy":"category","embeddable":true,"href":"https:\/\/columnayesperanzalucena.es\/index.php?rest_route=%2Fwp%2Fv2%2Fcategories&post=525"},{"taxonomy":"post_tag","embeddable":true,"href":"https:\/\/columnayesperanzalucena.es\/index.php?rest_route=%2Fwp%2Fv2%2Ftags&post=525"}],"curies":[{"name":"wp","href":"https:\/\/api.w.org\/{rel}","templated":true}]}}